{"id":2772,"date":"2026-08-18T18:04:30","date_gmt":"2026-08-18T18:04:30","guid":{"rendered":"https:\/\/sudestpost.com\/?p=2772"},"modified":"2026-08-18T18:45:47","modified_gmt":"2026-08-18T18:45:47","slug":"john-wesley-delva-de-retour-au-bercail-apres-une-longue-expatriation-au-canada","status":"publish","type":"post","link":"https:\/\/sudestpost.com\/?p=2772","title":{"rendered":"John Wesley Delva de retour au bercail apr\u00e8s une longue expatriation au Canada"},"content":{"rendered":"\n<p class=\"wp-block-paragraph\"><strong>Le journaliste et po\u00e8te haitien John Wesley Delva s\u2019est retir\u00e9 du Canada apr\u00e8s avoir pass\u00e9 pr\u00e8s dix ans au pays de la feuille d\u2019\u00e9rable. Dans le cadre de son retour au pays natal, le natif de Petit-Go\u00e2ve entend parcourir l\u2019ensemble du territoire national afin d\u2019aller \u00e0 la rencontre de la jeunesse et d\u2019\u00e9changer avec elle.<\/strong><\/p>\n\n\n\n<p class=\"wp-block-paragraph\">C\u2019est sur ses r\u00e9seaux sociaux que l\u2019ex-journaliste de la Radio T\u00e9l\u00e9vision Cara\u00efbes (RTVC), John Wesley Delva, a annonc\u00e9 avec enthousiasme son retour en Ha\u00efti. \u00ab <em>Apr\u00e8s dix ans \u00e0 l\u2019\u00e9tranger, j\u2019ai d\u00e9cid\u00e9 de retourner en Ha\u00efti. Mon pays m\u2019a beaucoup manqu\u00e9. Malgr\u00e9 les difficult\u00e9s et la mis\u00e8re qui r\u00e8gnent au pays, chez soi reste chez soi <\/em>\u00bb, a-t-il \u00e9crit lundi 17 ao\u00fbt.<\/p>\n\n\n\n<p class=\"wp-block-paragraph\">Il d\u00e9fend ainsi l\u2019id\u00e9e d\u2019une Ha\u00efti inclusive, appartenant \u00e0 l\u2019ensemble de ses citoyens, en opposition \u00e0 ceux qui, selon lui, consid\u00e8rent que le pays est la propri\u00e9t\u00e9 d\u2019un petit groupe. \u00ab <em>Ha\u00efti est \u00e0 tous les Ha\u00eftiens, contrairement \u00e0 ce que pense une petite minorit\u00e9 qui estime que le pays lui appartient \u00e0 elle seule <\/em>\u00bb, a-t-il soutenu.<\/p>\n\n\n\n<p class=\"wp-block-paragraph\">Dans le cadre de son retour au pays natal, le laur\u00e9at du Prix Antidote de l&#8217;\u00e9dition Mal d&#8217;Aurore en f\u00e9vrier 2020 envisage de parcourir l&#8217;ensemble du territoire national afin d&#8217;aller \u00e0 la rencontre de la jeunesse, pour lui porter un message d&#8217;espoir, d&#8217;\u00e9veil de conscience et de motivation. <\/p>\n\n\n\n<p class=\"wp-block-paragraph\">John Wesley Delva qui r\u00e9sidait \u00e0 Montr\u00e9al, a d\u00e9j\u00e0 publi\u00e9 six recueils de po\u00e8mes, dont les deux plus r\u00e9cents<strong> <em>Je ne maudirai pas la temp\u00eate<\/em><\/strong> paru en 2023, chez les \u00c9ditions Milot, et <strong><em>Maux et silences \u00e9ph\u00e9m\u00e8res<\/em><\/strong>, publi\u00e9 en 2024 chez les \u00e9ditions Jacques Trouillot. \u00c0 travers ses textes, Delva explore les profondeurs de l\u2019\u00e2me humaine. Sa po\u00e9sie interpelle les c\u0153urs, touche les sensibilit\u00e9s et, par moments, s\u2019adresse directement aux sens. Elle met en mots les angoisses, les peurs et les blessures qui traversent<\/p>\n","protected":false},"excerpt":{"rendered":"","protected":false},"author":5,"featured_media":2773,"comment_status":"open","ping_status":"open","sticky":false,"template":"","format":"standard","meta":{"_crdt_document":"","sb_editor_width":"","_kadence_starter_templates_imported_post":false,"jetpack_post_was_ever_published":false,"_jetpack_newsletter_access":"","_jetpack_dont_email_post_to_subs":false,"_jetpack_newsletter_tier_id":0,"_jetpack_memberships_contains_paywalled_content":false,"_jetpack_memberships_contains_paid_content":false,"footnotes":"","jetpack_publicize_message":"","jetpack_publicize_feature_enabled":true,"jetpack_social_post_already_shared":true,"jetpack_social_options":{"image_generator_settings":{"template":"highway","default_image_id":0,"font":"","enabled":false},"version":2}},"categories":[13],"tags":[527,530,528,529,153,526],"class_list":["post-2772","post","type-post","status-publish","format-standard","has-post-thumbnail","hentry","category-societe","tag-bercail","tag-canada","tag-expatriation","tag-john-wesley-delva","tag-petit-goave","tag-retour"],"relative_dates":{"created":"2 semaines ago","modified":"2 semaines ago"},"jetpack_publicize_connections":[],"jetpack_featured_media_url":"https:\/\/i0.wp.com\/sudestpost.com\/wp-content\/uploads\/2026\/08\/Jhon-wesley.jpg?fit=679%2C452&ssl=1","jetpack-related-posts":[{"id":2705,"url":"https:\/\/sudestpost.com\/?p=2705","url_meta":{"origin":2772,"position":0},"title":"Ha\u00efti mise sur 20 chantiers pour relancer son tourisme","author":"SudEstPost","date":"11 f\u00e9vrier 2026","format":false,"excerpt":"Le minist\u00e8re du Tourisme a engag\u00e9, au cours des douze derniers mois, une s\u00e9rie de 20 chantiers destin\u00e9s \u00e0 renforcer les bases du secteur touristique en Ha\u00efti. Selon les responsables, cette strat\u00e9gie vise \u00e0 privil\u00e9gier les infrastructures et l\u2019organisation interne plut\u00f4t que les campagnes de promotion, dans un contexte national\u2026","rel":"","context":"Dans &quot;Tourisme&quot;","block_context":{"text":"Tourisme","link":"https:\/\/sudestpost.com\/?cat=471"},"img":{"alt_text":"","src":"https:\/\/i0.wp.com\/sudestpost.com\/wp-content\/uploads\/2026\/02\/IMG-20260210-WA0017.jpg?fit=1200%2C799&ssl=1&resize=350%2C200","width":350,"height":200,"srcset":"https:\/\/i0.wp.com\/sudestpost.com\/wp-content\/uploads\/2026\/02\/IMG-20260210-WA0017.jpg?fit=1200%2C799&ssl=1&resize=350%2C200 1x, https:\/\/i0.wp.com\/sudestpost.com\/wp-content\/uploads\/2026\/02\/IMG-20260210-WA0017.jpg?fit=1200%2C799&ssl=1&resize=525%2C300 1.5x, https:\/\/i0.wp.com\/sudestpost.com\/wp-content\/uploads\/2026\/02\/IMG-20260210-WA0017.jpg?fit=1200%2C799&ssl=1&resize=700%2C400 2x, https:\/\/i0.wp.com\/sudestpost.com\/wp-content\/uploads\/2026\/02\/IMG-20260210-WA0017.jpg?fit=1200%2C799&ssl=1&resize=1050%2C600 3x"},"classes":[]},{"id":2513,"url":"https:\/\/sudestpost.com\/?p=2513","url_meta":{"origin":2772,"position":1},"title":"Mondial 2026: un tirage au sort cors\u00e9 pour Ha\u00efti","author":"Mich\u00e9 de Payen","date":"5 d\u00e9cembre 2025","format":false,"excerpt":"La s\u00e9lection ha\u00eftienne sait de quoi son parcours sera fait. Les hommes de S\u00e9bastien Mign\u00e9 d\u00e9fieront le Br\u00e9sil, le Maroc et l\u2019\u00c9cosse au premier tour de la comp\u00e9tition. \u00c0 six mois du coup d\u2019envoi de la Coupe du monde 2026, programm\u00e9e du 11 juin au 19 juillet aux \u00c9tats-Unis, au\u2026","rel":"","context":"Dans &quot;Sports&quot;","block_context":{"text":"Sports","link":"https:\/\/sudestpost.com\/?cat=8"},"img":{"alt_text":"","src":"https:\/\/i0.wp.com\/sudestpost.com\/wp-content\/uploads\/2025\/12\/591145256_18544136680030087_4914849273397363930_n.jpg?fit=1200%2C848&ssl=1&resize=350%2C200","width":350,"height":200,"srcset":"https:\/\/i0.wp.com\/sudestpost.com\/wp-content\/uploads\/2025\/12\/591145256_18544136680030087_4914849273397363930_n.jpg?fit=1200%2C848&ssl=1&resize=350%2C200 1x, https:\/\/i0.wp.com\/sudestpost.com\/wp-content\/uploads\/2025\/12\/591145256_18544136680030087_4914849273397363930_n.jpg?fit=1200%2C848&ssl=1&resize=525%2C300 1.5x, https:\/\/i0.wp.com\/sudestpost.com\/wp-content\/uploads\/2025\/12\/591145256_18544136680030087_4914849273397363930_n.jpg?fit=1200%2C848&ssl=1&resize=700%2C400 2x, https:\/\/i0.wp.com\/sudestpost.com\/wp-content\/uploads\/2025\/12\/591145256_18544136680030087_4914849273397363930_n.jpg?fit=1200%2C848&ssl=1&resize=1050%2C600 3x"},"classes":[]},{"id":2152,"url":"https:\/\/sudestpost.com\/?p=2152","url_meta":{"origin":2772,"position":2},"title":"Mondial 2026 : Ha\u00efti se qualifie sans jouer \u00e0 domicile","author":"SudEstPost","date":"19 novembre 2025","format":false,"excerpt":"Ha\u00efti a retrouv\u00e9, mardi 18 novembre, les lumi\u00e8res de la sc\u00e8ne mondiale. En battant le Nicaragua (2-0), la s\u00e9lection ha\u00eftienne a valid\u00e9 son billet pour la Coupe du monde 2026. Une premi\u00e8re depuis 1974. Et un succ\u00e8s charg\u00e9 de symboles, obtenu un 18 novembre, jour de comm\u00e9moration de la bataille\u2026","rel":"","context":"Dans &quot;Sports&quot;","block_context":{"text":"Sports","link":"https:\/\/sudestpost.com\/?cat=8"},"img":{"alt_text":"","src":"https:\/\/i0.wp.com\/sudestpost.com\/wp-content\/uploads\/2025\/11\/Haiti-kalifye-768x455-1.webp?fit=768%2C455&ssl=1&resize=350%2C200","width":350,"height":200,"srcset":"https:\/\/i0.wp.com\/sudestpost.com\/wp-content\/uploads\/2025\/11\/Haiti-kalifye-768x455-1.webp?fit=768%2C455&ssl=1&resize=350%2C200 1x, https:\/\/i0.wp.com\/sudestpost.com\/wp-content\/uploads\/2025\/11\/Haiti-kalifye-768x455-1.webp?fit=768%2C455&ssl=1&resize=525%2C300 1.5x, https:\/\/i0.wp.com\/sudestpost.com\/wp-content\/uploads\/2025\/11\/Haiti-kalifye-768x455-1.webp?fit=768%2C455&ssl=1&resize=700%2C400 2x"},"classes":[]},{"id":2568,"url":"https:\/\/sudestpost.com\/?p=2568","url_meta":{"origin":2772,"position":3},"title":"Ha\u00efti salue une \u00ab cons\u00e9cration historique \u00bb apr\u00e8s l\u2019inscription du Konpa \u00e0 l\u2019Unesco","author":"SudEstPost","date":"10 d\u00e9cembre 2025","format":false,"excerpt":"Le Konpa, rythme embl\u00e9matique d\u2019Ha\u00efti, a officiellement rejoint, mardi 9 d\u00e9cembre, la Liste repr\u00e9sentative du patrimoine culturel immat\u00e9riel de l\u2019humanit\u00e9 de l\u2019unesco. Une reconnaissance internationale qui suscite une immense fiert\u00e9 dans le pays, notamment au sein du gouvernement. Dans un communiqu\u00e9, le Premier ministre Alix Didier Fils-Aim\u00e9 a salu\u00e9 \u00ab\u2026","rel":"","context":"Dans &quot;Culture et loisirs&quot;","block_context":{"text":"Culture et loisirs","link":"https:\/\/sudestpost.com\/?cat=14"},"img":{"alt_text":"","src":"https:\/\/i0.wp.com\/sudestpost.com\/wp-content\/uploads\/2025\/12\/konpa002.jpg?fit=600%2C600&ssl=1&resize=350%2C200","width":350,"height":200,"srcset":"https:\/\/i0.wp.com\/sudestpost.com\/wp-content\/uploads\/2025\/12\/konpa002.jpg?fit=600%2C600&ssl=1&resize=350%2C200 1x, https:\/\/i0.wp.com\/sudestpost.com\/wp-content\/uploads\/2025\/12\/konpa002.jpg?fit=600%2C600&ssl=1&resize=525%2C300 1.5x"},"classes":[]},{"id":2591,"url":"https:\/\/sudestpost.com\/?p=2591","url_meta":{"origin":2772,"position":4},"title":"Port-au-Prince se pr\u00e9pare pour la 19e \u00e9dition du Festival Pap Jazz","author":"Mich\u00e9 de Payen","date":"12 d\u00e9cembre 2025","format":false,"excerpt":"Ce jeudi 11 d\u00e9cembre, a \u00e9t\u00e9 lanc\u00e9 officiellement le Festival Pap Jazz \u00e0 Port-au-Prince. C\u2019est la 19e \u00e9dition de cet \u00e9v\u00e9nement r\u00e9put\u00e9 qui c\u00e9l\u00e8brera et d\u00e9fendra le jazz en r\u00e9unissant, du 7 au 10 janvier, artistes ha\u00eftiens et internationaux autour d\u2019une programmation exigeante.Lors du lancement devant la presse \u00e0 l'h\u00f4tel\u2026","rel":"","context":"Dans &quot;Culture et loisirs&quot;","block_context":{"text":"Culture et loisirs","link":"https:\/\/sudestpost.com\/?cat=14"},"img":{"alt_text":"","src":"https:\/\/i0.wp.com\/sudestpost.com\/wp-content\/uploads\/2025\/12\/FB_IMG_1765538726784.jpg?fit=1200%2C800&ssl=1&resize=350%2C200","width":350,"height":200,"srcset":"https:\/\/i0.wp.com\/sudestpost.com\/wp-content\/uploads\/2025\/12\/FB_IMG_1765538726784.jpg?fit=1200%2C800&ssl=1&resize=350%2C200 1x, https:\/\/i0.wp.com\/sudestpost.com\/wp-content\/uploads\/2025\/12\/FB_IMG_1765538726784.jpg?fit=1200%2C800&ssl=1&resize=525%2C300 1.5x, https:\/\/i0.wp.com\/sudestpost.com\/wp-content\/uploads\/2025\/12\/FB_IMG_1765538726784.jpg?fit=1200%2C800&ssl=1&resize=700%2C400 2x, https:\/\/i0.wp.com\/sudestpost.com\/wp-content\/uploads\/2025\/12\/FB_IMG_1765538726784.jpg?fit=1200%2C800&ssl=1&resize=1050%2C600 3x"},"classes":[]},{"id":2356,"url":"https:\/\/sudestpost.com\/?p=2356","url_meta":{"origin":2772,"position":5},"title":"Classement CONCACAF: Ha\u00efti gagne deux places apr\u00e8s les qualifications","author":"SudEstPost","date":"26 novembre 2025","format":false,"excerpt":"Les r\u00e9cents matches de qualification pour le Mondial 2026 ont permis \u00e0 Ha\u00efti de progresser dans le classement de la CONCACAF, l\u2019instance qui r\u00e9git le football en Am\u00e9rique du Nord, en Am\u00e9rique centrale et dans les Cara\u00efbes. Pr\u00e8s d\u2019une semaine apr\u00e8s la fin des \u00e9liminatoires, la CONCACAF a publi\u00e9 le\u2026","rel":"","context":"Dans &quot;Sports&quot;","block_context":{"text":"Sports","link":"https:\/\/sudestpost.com\/?cat=8"},"img":{"alt_text":"","src":"https:\/\/i0.wp.com\/sudestpost.com\/wp-content\/uploads\/2025\/11\/image_4811.jpg?fit=1105%2C622&ssl=1&resize=350%2C200","width":350,"height":200,"srcset":"https:\/\/i0.wp.com\/sudestpost.com\/wp-content\/uploads\/2025\/11\/image_4811.jpg?fit=1105%2C622&ssl=1&resize=350%2C200 1x, https:\/\/i0.wp.com\/sudestpost.com\/wp-content\/uploads\/2025\/11\/image_4811.jpg?fit=1105%2C622&ssl=1&resize=525%2C300 1.5x, https:\/\/i0.wp.com\/sudestpost.com\/wp-content\/uploads\/2025\/11\/image_4811.jpg?fit=1105%2C622&ssl=1&resize=700%2C400 2x, https:\/\/i0.wp.com\/sudestpost.com\/wp-content\/uploads\/2025\/11\/image_4811.jpg?fit=1105%2C622&ssl=1&resize=1050%2C600 3x"},"classes":[]}],"jetpack_sharing_enabled":true,"_links":{"self":[{"href":"https:\/\/sudestpost.com\/index.php?rest_route=\/wp\/v2\/posts\/2772","targetHints":{"allow":["GET"]}}],"collection":[{"href":"https:\/\/sudestpost.com\/index.php?rest_route=\/wp\/v2\/posts"}],"about":[{"href":"https:\/\/sudestpost.com\/index.php?rest_route=\/wp\/v2\/types\/post"}],"author":[{"embeddable":true,"href":"https:\/\/sudestpost.com\/index.php?rest_route=\/wp\/v2\/users\/5"}],"replies":[{"embeddable":true,"href":"https:\/\/sudestpost.com\/index.php?rest_route=%2Fwp%2Fv2%2Fcomments&post=2772"}],"version-history":[{"count":10,"href":"https:\/\/sudestpost.com\/index.php?rest_route=\/wp\/v2\/posts\/2772\/revisions"}],"predecessor-version":[{"id":2783,"href":"https:\/\/sudestpost.com\/index.php?rest_route=\/wp\/v2\/posts\/2772\/revisions\/2783"}],"wp:featuredmedia":[{"embeddable":true,"href":"https:\/\/sudestpost.com\/index.php?rest_route=\/wp\/v2\/media\/2773"}],"wp:attachment":[{"href":"https:\/\/sudestpost.com\/index.php?rest_route=%2Fwp%2Fv2%2Fmedia&parent=2772"}],"wp:term":[{"taxonomy":"category","embeddable":true,"href":"https:\/\/sudestpost.com\/index.php?rest_route=%2Fwp%2Fv2%2Fcategories&post=2772"},{"taxonomy":"post_tag","embeddable":true,"href":"https:\/\/sudestpost.com\/index.php?rest_route=%2Fwp%2Fv2%2Ftags&post=2772"}],"curies":[{"name":"wp","href":"https:\/\/api.w.org\/{rel}","templated":true}]}}