{"id":2767,"date":"2026-08-17T21:34:37","date_gmt":"2026-08-17T21:34:37","guid":{"rendered":"https:\/\/sudestpost.com\/?p=2767"},"modified":"2026-08-17T21:35:13","modified_gmt":"2026-08-17T21:35:13","slug":"fifa-kevin-lamour-limoge-apres-sa-fronde-contre-gianni-infantino","status":"publish","type":"post","link":"https:\/\/sudestpost.com\/?p=2767","title":{"rendered":"FIFA: Kevin Lamour limog\u00e9 apr\u00e8s sa fronde contre Gianni Infantino"},"content":{"rendered":"\n<p class=\"wp-block-paragraph\"><strong>Selon une information de <em>The Athletic<\/em>, le num\u00e9ro 3 de la FIFA, kevin Lamour a \u00e9t\u00e9 demis lundi de ses fonctions de directeur des op\u00e9rations de l&#8217;organe supr\u00eame du football international. Le Fran\u00e7ais de 45 ans, \u00e9tait entr\u00e9 en dissidence contre son pr\u00e9sident Gianni Infantino dans un communiqu\u00e9 fin juillet.<\/strong><\/p>\n\n\n\n<p class=\"wp-block-paragraph\">Le pr\u00e9sident de la F\u00e9d\u00e9ration internationale de football (FIFA), Gianni Infantino, a organis\u00e9 une r\u00e9union de crise r\u00e9unissant les cadres de l\u2019institution, d\u00e9but ao\u00fbt, au Maroc. Le num\u00e9ro 3 de la FIFA, Kevin Lamour, n\u2019avait d\u00e9j\u00e0 pas \u00e9t\u00e9 convi\u00e9 \u00e0 cette rencontre pour avoir men\u00e9 la fronde contre son pr\u00e9sident, au travers d\u2019un communiqu\u00e9 cinglant transmis \u00e0 l\u2019Associated Press le 31 juillet dernier.<\/p>\n\n\n\n<p class=\"wp-block-paragraph\">Le directeur des op\u00e9rations (COO) de la FIFA, Kevin Lamour, s\u2019\u00e9tait mis \u00e0 dos le num\u00e9ro 1 de l\u2019institution, Gianni Infantino, \u00e0 la suite de son opposition au projet FIFA Forward Enterprise. Le dirigeant fran\u00e7ais avait vivement critiqu\u00e9 le manque de transparence entourant cette initiative et estim\u00e9 que les employ\u00e9s de la FIFA avaient \u00e9t\u00e9 \u00ab tromp\u00e9s \u00bb au cours du processus.<\/p>\n\n\n\n<p class=\"wp-block-paragraph\"><em>\u00ab Il s&#8217;agit du projet d&#8217;une seule personne, <\/em>avait-il tacl\u00e9 dans un d\u00e9saveu pour Infantino<em>. \u00abNon seulement ce projet ne doit pas aboutir&#8230; mais le moment est venu pour les dirigeants politiques du football de se poser les bonnes questions et de prendre les bonnes d\u00e9cisions<\/em> \u00bb, avait-il \u00e9crit dans son communiqu\u00e9. Et d\u2019ajouter\u00a0: \u00ab <em>Et si cela signifie que je perds mon emploi, qu\u2019il en soit ainsi. <\/em>\u00bb<\/p>\n\n\n\n<p class=\"wp-block-paragraph\">\u00c2g\u00e9 de 45 ans, Kevin Lamour avait rejoint la FIFA en novembre 2024, apr\u00e8s avoir occup\u00e9 le poste de secr\u00e9taire g\u00e9n\u00e9ral adjoint de l\u2019UEFA. En tant que directeur des op\u00e9rations, il occupait le troisi\u00e8me rang dans la hi\u00e9rarchie de l\u2019organisation, derri\u00e8re le pr\u00e9sident Gianni Infantino et le secr\u00e9taire g\u00e9n\u00e9ral Mattias Grafstr\u00f6m.<\/p>\n","protected":false},"excerpt":{"rendered":"","protected":false},"author":5,"featured_media":2768,"comment_status":"open","ping_status":"open","sticky":false,"template":"","format":"standard","meta":{"_crdt_document":"","sb_editor_width":"","_kadence_starter_templates_imported_post":false,"jetpack_post_was_ever_published":false,"_jetpack_newsletter_access":"","_jetpack_dont_email_post_to_subs":false,"_jetpack_newsletter_tier_id":0,"_jetpack_memberships_contains_paywalled_content":false,"_jetpack_memberships_contains_paid_content":false,"footnotes":"","jetpack_publicize_message":"","jetpack_publicize_feature_enabled":true,"jetpack_social_post_already_shared":false,"jetpack_social_options":{"image_generator_settings":{"template":"highway","default_image_id":0,"font":"","enabled":false},"version":2}},"categories":[8],"tags":[420,525,524,523],"class_list":["post-2767","post","type-post","status-publish","format-standard","has-post-thumbnail","hentry","category-sports","tag-fifa","tag-gianni-infantino","tag-kevin-lamour","tag-limoge"],"relative_dates":{"created":"2 semaines ago","modified":"2 semaines ago"},"jetpack_publicize_connections":[],"jetpack_featured_media_url":"https:\/\/i0.wp.com\/sudestpost.com\/wp-content\/uploads\/2026\/08\/fifa.jpg?fit=678%2C452&ssl=1","jetpack-related-posts":[{"id":2145,"url":"https:\/\/sudestpost.com\/?p=2145","url_meta":{"origin":2767,"position":0},"title":"FIFA Pass : simplifier l\u2019acc\u00e8s des supporters au Mondial 2026","author":"SudEstPost","date":"18 novembre 2025","format":false,"excerpt":"Gianni Infantino, pr\u00e9sident de la FIFA, et l\u2019ancien pr\u00e9sident am\u00e9ricain Donald Trump ont annonc\u00e9, lundi 17 novembre, la cr\u00e9ation du FIFA Pass, un dispositif visant \u00e0 faciliter les d\u00e9marches administratives et les demandes de visas pour la Coupe du monde 2026 aux \u00c9tats-Unis.En visite \u00e0 la Maison Blanche, Gianni Infantino\u2026","rel":"","context":"Dans &quot;Sports&quot;","block_context":{"text":"Sports","link":"https:\/\/sudestpost.com\/?cat=8"},"img":{"alt_text":"","src":"https:\/\/i0.wp.com\/sudestpost.com\/wp-content\/uploads\/2025\/11\/image.plo_.vn-w1000-uploaded-2025-zngube-2025_11_18-_ong-trump-cong-bo-thi-thuc-uu-tien-cho-world-cup-2026-9227-4102.jpg?fit=1000%2C666&ssl=1&resize=350%2C200","width":350,"height":200,"srcset":"https:\/\/i0.wp.com\/sudestpost.com\/wp-content\/uploads\/2025\/11\/image.plo_.vn-w1000-uploaded-2025-zngube-2025_11_18-_ong-trump-cong-bo-thi-thuc-uu-tien-cho-world-cup-2026-9227-4102.jpg?fit=1000%2C666&ssl=1&resize=350%2C200 1x, https:\/\/i0.wp.com\/sudestpost.com\/wp-content\/uploads\/2025\/11\/image.plo_.vn-w1000-uploaded-2025-zngube-2025_11_18-_ong-trump-cong-bo-thi-thuc-uu-tien-cho-world-cup-2026-9227-4102.jpg?fit=1000%2C666&ssl=1&resize=525%2C300 1.5x, https:\/\/i0.wp.com\/sudestpost.com\/wp-content\/uploads\/2025\/11\/image.plo_.vn-w1000-uploaded-2025-zngube-2025_11_18-_ong-trump-cong-bo-thi-thuc-uu-tien-cho-world-cup-2026-9227-4102.jpg?fit=1000%2C666&ssl=1&resize=700%2C400 2x"},"classes":[]},{"id":2541,"url":"https:\/\/sudestpost.com\/?p=2541","url_meta":{"origin":2767,"position":1},"title":"Battre Ha\u00efti : objectif prioritaire des \u00c9cossais pour viser le second tour","author":"Mich\u00e9 de Payen","date":"7 d\u00e9cembre 2025","format":false,"excerpt":"La presse britannique, et \u00e9cossaise en particulier, a largement comment\u00e9 le tirage au sort de la Coupe du monde 2026, qui a plac\u00e9 l\u2019\u00c9cosse dans le groupe C aux c\u00f4t\u00e9s du Br\u00e9sil, du Maroc et de Ha\u00efti. L\u2019obsession des \u00c9cossais dans ce groupe reste le Maroc: ils souhaitent d\u2019abord battre\u2026","rel":"","context":"Dans &quot;Sports&quot;","block_context":{"text":"Sports","link":"https:\/\/sudestpost.com\/?cat=8"},"img":{"alt_text":"","src":"https:\/\/i0.wp.com\/sudestpost.com\/wp-content\/uploads\/2025\/12\/skysports-steve-clarke-scotland_7086721.jpg?fit=1200%2C675&ssl=1&resize=350%2C200","width":350,"height":200,"srcset":"https:\/\/i0.wp.com\/sudestpost.com\/wp-content\/uploads\/2025\/12\/skysports-steve-clarke-scotland_7086721.jpg?fit=1200%2C675&ssl=1&resize=350%2C200 1x, https:\/\/i0.wp.com\/sudestpost.com\/wp-content\/uploads\/2025\/12\/skysports-steve-clarke-scotland_7086721.jpg?fit=1200%2C675&ssl=1&resize=525%2C300 1.5x, https:\/\/i0.wp.com\/sudestpost.com\/wp-content\/uploads\/2025\/12\/skysports-steve-clarke-scotland_7086721.jpg?fit=1200%2C675&ssl=1&resize=700%2C400 2x, https:\/\/i0.wp.com\/sudestpost.com\/wp-content\/uploads\/2025\/12\/skysports-steve-clarke-scotland_7086721.jpg?fit=1200%2C675&ssl=1&resize=1050%2C600 3x"},"classes":[]},{"id":2620,"url":"https:\/\/sudestpost.com\/?p=2620","url_meta":{"origin":2767,"position":2},"title":"Ousmane Demb\u00e9l\u00e9 sacr\u00e9 \u00ab The Best \u00bb par la FIFA","author":"SudEstPost","date":"16 d\u00e9cembre 2025","format":false,"excerpt":"Apr\u00e8s avoir remport\u00e9 le Ballon d\u2019Or France Football le 22 septembre dernier, Ousmane Demb\u00e9l\u00e9 continue de marquer l\u2019ann\u00e9e 2025 de son empreinte. L\u2019ailier du Paris Saint-Germain a \u00e9t\u00e9 d\u00e9sign\u00e9 meilleur joueur de l\u2019ann\u00e9e par la FIFA, en recevant le prestigieux troph\u00e9e \u00ab The Best \u00bb, mardi soir \u00e0 Doha, au\u2026","rel":"","context":"Dans &quot;Sports&quot;","block_context":{"text":"Sports","link":"https:\/\/sudestpost.com\/?cat=8"},"img":{"alt_text":"","src":"https:\/\/i0.wp.com\/sudestpost.com\/wp-content\/uploads\/2025\/12\/creatividad-de-ousmane-dembele-ganador-del-the-best-2025-formato-noticia-besoccer.jpeg?fit=1000%2C563&ssl=1&resize=350%2C200","width":350,"height":200,"srcset":"https:\/\/i0.wp.com\/sudestpost.com\/wp-content\/uploads\/2025\/12\/creatividad-de-ousmane-dembele-ganador-del-the-best-2025-formato-noticia-besoccer.jpeg?fit=1000%2C563&ssl=1&resize=350%2C200 1x, https:\/\/i0.wp.com\/sudestpost.com\/wp-content\/uploads\/2025\/12\/creatividad-de-ousmane-dembele-ganador-del-the-best-2025-formato-noticia-besoccer.jpeg?fit=1000%2C563&ssl=1&resize=525%2C300 1.5x, https:\/\/i0.wp.com\/sudestpost.com\/wp-content\/uploads\/2025\/12\/creatividad-de-ousmane-dembele-ganador-del-the-best-2025-formato-noticia-besoccer.jpeg?fit=1000%2C563&ssl=1&resize=700%2C400 2x"},"classes":[]},{"id":2487,"url":"https:\/\/sudestpost.com\/?p=2487","url_meta":{"origin":2767,"position":3},"title":"Mondial 2026: Ha\u00efti repr\u00e9sent\u00e9e au tirage au sort \u00e0 Washington","author":"Mich\u00e9 de Payen","date":"4 d\u00e9cembre 2025","format":false,"excerpt":"La F\u00e9d\u00e9ration ha\u00eftienne de football (FHF) a annonc\u00e9 jeudi 4 d\u00e9cembre que plusieurs de ses repr\u00e9sentants assisteraient au tirage au sort du Mondial 2026 vendredi \u00e0 Washington. Hait sera repr\u00e9sent\u00e9e au tirage au sort de la Coupe du monde FIFA 2026, une premi\u00e8re depuis plus d\u2019un demi-si\u00e8cle. \u00ab\u00a0La f\u00e9d\u00e9ration participera\u2026","rel":"","context":"Dans &quot;Sports&quot;","block_context":{"text":"Sports","link":"https:\/\/sudestpost.com\/?cat=8"},"img":{"alt_text":"","src":"https:\/\/i0.wp.com\/sudestpost.com\/wp-content\/uploads\/2025\/12\/Le-trophee-de-la-Coupe-du-monde-lors-du-tirage-au-sort-des-barrages-du-Mondial-2026-le-20-novembre-2.jpeg?fit=1200%2C675&ssl=1&resize=350%2C200","width":350,"height":200,"srcset":"https:\/\/i0.wp.com\/sudestpost.com\/wp-content\/uploads\/2025\/12\/Le-trophee-de-la-Coupe-du-monde-lors-du-tirage-au-sort-des-barrages-du-Mondial-2026-le-20-novembre-2.jpeg?fit=1200%2C675&ssl=1&resize=350%2C200 1x, https:\/\/i0.wp.com\/sudestpost.com\/wp-content\/uploads\/2025\/12\/Le-trophee-de-la-Coupe-du-monde-lors-du-tirage-au-sort-des-barrages-du-Mondial-2026-le-20-novembre-2.jpeg?fit=1200%2C675&ssl=1&resize=525%2C300 1.5x, https:\/\/i0.wp.com\/sudestpost.com\/wp-content\/uploads\/2025\/12\/Le-trophee-de-la-Coupe-du-monde-lors-du-tirage-au-sort-des-barrages-du-Mondial-2026-le-20-novembre-2.jpeg?fit=1200%2C675&ssl=1&resize=700%2C400 2x, https:\/\/i0.wp.com\/sudestpost.com\/wp-content\/uploads\/2025\/12\/Le-trophee-de-la-Coupe-du-monde-lors-du-tirage-au-sort-des-barrages-du-Mondial-2026-le-20-novembre-2.jpeg?fit=1200%2C675&ssl=1&resize=1050%2C600 3x"},"classes":[]},{"id":2173,"url":"https:\/\/sudestpost.com\/?p=2173","url_meta":{"origin":2767,"position":4},"title":"CM 2026 : le d\u00e9cret Trump menace l\u2019acc\u00e8s des supporters ha\u00eftiens aux \u00c9tats-Unis","author":"Mich\u00e9 de Payen","date":"20 novembre 2025","format":false,"excerpt":"Alors que le Fifa Pass devait faciliter le voyage des supporters du monde entier aux \u00c9tats-Unis pour suivre les matchs de leur s\u00e9lection nationale, un d\u00e9cret sign\u00e9 en juin 2025 par le pr\u00e9sident Donald Trump pourrait cependant interdire l\u2019entr\u00e9e des supporters ha\u00eftiens sur le sol am\u00e9ricain. Avec le Fifa Pass,\u2026","rel":"","context":"Dans &quot;International&quot;","block_context":{"text":"International","link":"https:\/\/sudestpost.com\/?cat=6"},"img":{"alt_text":"","src":"https:\/\/i0.wp.com\/sudestpost.com\/wp-content\/uploads\/2025\/11\/AP25323126271352.jpg?fit=1200%2C900&ssl=1&resize=350%2C200","width":350,"height":200,"srcset":"https:\/\/i0.wp.com\/sudestpost.com\/wp-content\/uploads\/2025\/11\/AP25323126271352.jpg?fit=1200%2C900&ssl=1&resize=350%2C200 1x, https:\/\/i0.wp.com\/sudestpost.com\/wp-content\/uploads\/2025\/11\/AP25323126271352.jpg?fit=1200%2C900&ssl=1&resize=525%2C300 1.5x, https:\/\/i0.wp.com\/sudestpost.com\/wp-content\/uploads\/2025\/11\/AP25323126271352.jpg?fit=1200%2C900&ssl=1&resize=700%2C400 2x, https:\/\/i0.wp.com\/sudestpost.com\/wp-content\/uploads\/2025\/11\/AP25323126271352.jpg?fit=1200%2C900&ssl=1&resize=1050%2C600 3x"},"classes":[]},{"id":2513,"url":"https:\/\/sudestpost.com\/?p=2513","url_meta":{"origin":2767,"position":5},"title":"Mondial 2026: un tirage au sort cors\u00e9 pour Ha\u00efti","author":"Mich\u00e9 de Payen","date":"5 d\u00e9cembre 2025","format":false,"excerpt":"La s\u00e9lection ha\u00eftienne sait de quoi son parcours sera fait. Les hommes de S\u00e9bastien Mign\u00e9 d\u00e9fieront le Br\u00e9sil, le Maroc et l\u2019\u00c9cosse au premier tour de la comp\u00e9tition. \u00c0 six mois du coup d\u2019envoi de la Coupe du monde 2026, programm\u00e9e du 11 juin au 19 juillet aux \u00c9tats-Unis, au\u2026","rel":"","context":"Dans &quot;Sports&quot;","block_context":{"text":"Sports","link":"https:\/\/sudestpost.com\/?cat=8"},"img":{"alt_text":"","src":"https:\/\/i0.wp.com\/sudestpost.com\/wp-content\/uploads\/2025\/12\/591145256_18544136680030087_4914849273397363930_n.jpg?fit=1200%2C848&ssl=1&resize=350%2C200","width":350,"height":200,"srcset":"https:\/\/i0.wp.com\/sudestpost.com\/wp-content\/uploads\/2025\/12\/591145256_18544136680030087_4914849273397363930_n.jpg?fit=1200%2C848&ssl=1&resize=350%2C200 1x, https:\/\/i0.wp.com\/sudestpost.com\/wp-content\/uploads\/2025\/12\/591145256_18544136680030087_4914849273397363930_n.jpg?fit=1200%2C848&ssl=1&resize=525%2C300 1.5x, https:\/\/i0.wp.com\/sudestpost.com\/wp-content\/uploads\/2025\/12\/591145256_18544136680030087_4914849273397363930_n.jpg?fit=1200%2C848&ssl=1&resize=700%2C400 2x, https:\/\/i0.wp.com\/sudestpost.com\/wp-content\/uploads\/2025\/12\/591145256_18544136680030087_4914849273397363930_n.jpg?fit=1200%2C848&ssl=1&resize=1050%2C600 3x"},"classes":[]}],"jetpack_sharing_enabled":true,"_links":{"self":[{"href":"https:\/\/sudestpost.com\/index.php?rest_route=\/wp\/v2\/posts\/2767","targetHints":{"allow":["GET"]}}],"collection":[{"href":"https:\/\/sudestpost.com\/index.php?rest_route=\/wp\/v2\/posts"}],"about":[{"href":"https:\/\/sudestpost.com\/index.php?rest_route=\/wp\/v2\/types\/post"}],"author":[{"embeddable":true,"href":"https:\/\/sudestpost.com\/index.php?rest_route=\/wp\/v2\/users\/5"}],"replies":[{"embeddable":true,"href":"https:\/\/sudestpost.com\/index.php?rest_route=%2Fwp%2Fv2%2Fcomments&post=2767"}],"version-history":[{"count":2,"href":"https:\/\/sudestpost.com\/index.php?rest_route=\/wp\/v2\/posts\/2767\/revisions"}],"predecessor-version":[{"id":2771,"href":"https:\/\/sudestpost.com\/index.php?rest_route=\/wp\/v2\/posts\/2767\/revisions\/2771"}],"wp:featuredmedia":[{"embeddable":true,"href":"https:\/\/sudestpost.com\/index.php?rest_route=\/wp\/v2\/media\/2768"}],"wp:attachment":[{"href":"https:\/\/sudestpost.com\/index.php?rest_route=%2Fwp%2Fv2%2Fmedia&parent=2767"}],"wp:term":[{"taxonomy":"category","embeddable":true,"href":"https:\/\/sudestpost.com\/index.php?rest_route=%2Fwp%2Fv2%2Fcategories&post=2767"},{"taxonomy":"post_tag","embeddable":true,"href":"https:\/\/sudestpost.com\/index.php?rest_route=%2Fwp%2Fv2%2Ftags&post=2767"}],"curies":[{"name":"wp","href":"https:\/\/api.w.org\/{rel}","templated":true}]}}