{"id":2756,"date":"2026-08-15T17:21:05","date_gmt":"2026-08-15T17:21:05","guid":{"rendered":"https:\/\/sudestpost.com\/?p=2756"},"modified":"2026-08-15T18:04:00","modified_gmt":"2026-08-15T18:04:00","slug":"elections-2026-jean-paul-lundi-fait-sentrouvrir-la-porte-dune-candidature","status":"publish","type":"post","link":"https:\/\/sudestpost.com\/?p=2756","title":{"rendered":"\u00c9lections 2026 : Jean Paul Lundi fait s&#8217;entrouvrir la porte d&#8217;une candidature"},"content":{"rendered":"\n<p class=\"wp-block-paragraph\"><strong>Jean Paul Lundi, c\u00e9l\u00e8bre journaliste ha\u00eftien de la Radiot\u00e9l\u00e9vision Cara\u00efbes (RTVC), a d\u00e9cid\u00e9 de troquer sa plume pour l\u2019ar\u00e8ne politique. Le professeur de reportage et d\u2019\u00e9criture journalistique entend briguer un mandat de d\u00e9put\u00e9 pour la premi\u00e8re circonscription de Port-au-Prince.<\/strong><\/p>\n\n\n\n<p class=\"wp-block-paragraph\">D\u00e9j\u00e0 connu pour ses parcours en journalisme, en droit et dans l\u2019enseignement, Jean Paul Lundi se tourne aujourd\u2019hui vers la politique. \u00c0 l\u2019approche des \u00e9lections annonc\u00e9es par le Conseil \u00e9lectoral provisoire (CEP) pour le 13 d\u00e9cembre 2026, Jean Paul Lundi a affich\u00e9 ses ambitions sur ses r\u00e9seaux sociaux.<\/p>\n\n\n\n<p class=\"wp-block-paragraph\">L&#8217;ancien pr\u00e9sentateur du journal en cr\u00e9ole de la RTVC, <em><strong>D\u00e8nye Okzayon<\/strong>,<\/em> a justifi\u00e9 sa d\u00e9cision en affirmant: \u00ab <em>On ne peut pas laisser la politique uniquement aux opportunistes. \u00bb <\/em>Il a cru fermement que <em>\u00ab nous, les personnes comp\u00e9tentes et conscientes, devons accepter de nous impliquer et de mettre nos comp\u00e9tences au service du pays.<\/em> \u00bb Il a \u00e9galement soulign\u00e9 que \u00ab <em>ce que nous avons aujourd\u2019hui, c\u2019est \u00e0 nous de le changer<\/em> \u00bb.<\/p>\n\n\n\n<p class=\"wp-block-paragraph\">Face \u00e0 l&#8217;apathie d\u00e9mocratique, l&#8217;appel \u00e0 la mobilisation citoyenne se pr\u00e9cise. Jean Paul Lundi exhorte la population, et plus particuli\u00e8rement les jeunes, \u00e0 s&#8217;approprier le processus \u00e9lectoral pour transformer l&#8217;avenir du pays.<\/p>\n\n\n\n<p class=\"wp-block-paragraph\">\u00ab <em>J\u2019encourage tout le monde, particuli\u00e8rement les jeunes, \u00e0 participer au processus \u00e9lectoral. Le pays ne changera pas tout seul. C\u2019est \u00e0 nous, en tant que citoyens, de le changer<\/em> \u00bb, a-t-il affirm\u00e9.<\/p>\n\n\n\n<p class=\"wp-block-paragraph\">L&#8217;annonce de cette transition suscite d\u00e9j\u00e0 de vifs d\u00e9bats au sein de l&#8217;opinion publique et de la communaut\u00e9 des m\u00e9dias. Passer du statut d&#8217;observateur critique de l&#8217;actualit\u00e9 \u00e0 celui d&#8217;acteur de la sc\u00e8ne politique reste un exercice d&#8217;\u00e9quilibriste exigeant en Ha\u00efti.<\/p>\n","protected":false},"excerpt":{"rendered":"","protected":false},"author":5,"featured_media":2757,"comment_status":"open","ping_status":"open","sticky":false,"template":"","format":"standard","meta":{"_crdt_document":"","sb_editor_width":"","_kadence_starter_templates_imported_post":false,"jetpack_post_was_ever_published":false,"_jetpack_newsletter_access":"","_jetpack_dont_email_post_to_subs":false,"_jetpack_newsletter_tier_id":0,"_jetpack_memberships_contains_paywalled_content":false,"_jetpack_memberships_contains_paid_content":false,"footnotes":"","jetpack_publicize_message":"","jetpack_publicize_feature_enabled":true,"jetpack_social_post_already_shared":false,"jetpack_social_options":{"image_generator_settings":{"template":"highway","default_image_id":0,"font":"","enabled":false},"version":2}},"categories":[7],"tags":[76,521,516,520,517,519,280,522,518],"class_list":["post-2756","post","type-post","status-publish","format-standard","has-post-thumbnail","hentry","category-politique","tag-76","tag-candidature","tag-circonscription","tag-depute","tag-elections","tag-jean-paul-lundi","tag-port-au-prince","tag-rtvc","tag-troisieme"],"relative_dates":{"created":"2 semaines ago","modified":"2 semaines ago"},"jetpack_publicize_connections":[],"jetpack_featured_media_url":"https:\/\/i0.wp.com\/sudestpost.com\/wp-content\/uploads\/2026\/08\/jean-paul-1-depute.jpg?fit=1280%2C945&ssl=1","jetpack-related-posts":[{"id":2558,"url":"https:\/\/sudestpost.com\/?p=2558","url_meta":{"origin":2756,"position":0},"title":"Sud-Est: le MCFDF organise une assise pour renforcer la participation des femmes en politique","author":"SudEstPost","date":"9 d\u00e9cembre 2025","format":false,"excerpt":"Jacmel, 8 d\u00e9cembre 2025 \u2013 Le minist\u00e8re \u00e0 la Condition f\u00e9minine et aux Droits des femmes (MCFDF), \u00e0 travers sa direction d\u00e9partementale du Sud-Est, a organis\u00e9 ce lundi une assise sur la participation politique des femmes et les violences \u00e9lectorales. L\u2019\u00e9v\u00e9nement s\u2019est tenu \u00e0 l\u2019h\u00f4tel Sous Le Manguier, \u00e0 Jacmel.\u2026","rel":"","context":"Dans &quot;Politique&quot;","block_context":{"text":"Politique","link":"https:\/\/sudestpost.com\/?cat=7"},"img":{"alt_text":"","src":"https:\/\/i0.wp.com\/sudestpost.com\/wp-content\/uploads\/2025\/12\/597773517_1471041008360849_8924149887489924055_n.jpg?fit=1200%2C900&ssl=1&resize=350%2C200","width":350,"height":200,"srcset":"https:\/\/i0.wp.com\/sudestpost.com\/wp-content\/uploads\/2025\/12\/597773517_1471041008360849_8924149887489924055_n.jpg?fit=1200%2C900&ssl=1&resize=350%2C200 1x, https:\/\/i0.wp.com\/sudestpost.com\/wp-content\/uploads\/2025\/12\/597773517_1471041008360849_8924149887489924055_n.jpg?fit=1200%2C900&ssl=1&resize=525%2C300 1.5x, https:\/\/i0.wp.com\/sudestpost.com\/wp-content\/uploads\/2025\/12\/597773517_1471041008360849_8924149887489924055_n.jpg?fit=1200%2C900&ssl=1&resize=700%2C400 2x, https:\/\/i0.wp.com\/sudestpost.com\/wp-content\/uploads\/2025\/12\/597773517_1471041008360849_8924149887489924055_n.jpg?fit=1200%2C900&ssl=1&resize=1050%2C600 3x"},"classes":[]},{"id":2646,"url":"https:\/\/sudestpost.com\/?p=2646","url_meta":{"origin":2756,"position":1},"title":"Fado transf\u00e9r\u00e9 \u00e0 Jacmel avant son h\u00e9liportage vers la capitale","author":"Mich\u00e9 de Payen","date":"15 janvier 2026","format":false,"excerpt":"Jean Misnord, alias Fado, pr\u00e9sent\u00e9 comme le troisi\u00e8me chef du gang de Pel\u00e9 Simon, aurait \u00e9t\u00e9 transf\u00e9r\u00e9 ce jeudi \u00e0 la prison civile de Jacmel, dans le d\u00e9partement du Sud-Est, selon une source polici\u00e8re.L\u2019individu avait \u00e9t\u00e9 arr\u00eat\u00e9 la veille \u00e0 J\u00e9r\u00e9mie, dans le d\u00e9partement de la Grand'Anse. La police l\u2019aurait\u2026","rel":"","context":"Dans &quot;Actualit\u00e9s&quot;","block_context":{"text":"Actualit\u00e9s","link":"https:\/\/sudestpost.com\/?cat=1"},"img":{"alt_text":"","src":"https:\/\/i0.wp.com\/sudestpost.com\/wp-content\/uploads\/2026\/01\/Screenshot_20260115-162844.jpg?fit=699%2C671&ssl=1&resize=350%2C200","width":350,"height":200,"srcset":"https:\/\/i0.wp.com\/sudestpost.com\/wp-content\/uploads\/2026\/01\/Screenshot_20260115-162844.jpg?fit=699%2C671&ssl=1&resize=350%2C200 1x, https:\/\/i0.wp.com\/sudestpost.com\/wp-content\/uploads\/2026\/01\/Screenshot_20260115-162844.jpg?fit=699%2C671&ssl=1&resize=525%2C300 1.5x"},"classes":[]},{"id":2193,"url":"https:\/\/sudestpost.com\/?p=2193","url_meta":{"origin":2756,"position":2},"title":"Jacmel: Marceau Joseph install\u00e9 comme directeur d\u00e9partemental adjoint de l\u2019APN","author":"SudEstPost","date":"21 novembre 2025","format":false,"excerpt":"La direction d\u00e9partementale de l\u2019Autorit\u00e9 portuaire nationale (APN) du Sud-Est compte un nouveau directeur adjoint : Marceau Joseph. La c\u00e9r\u00e9monie de son installation s\u2019est tenue ce vendredi 21 novembre au bureau de l\u2019institution, situ\u00e9 au wharf de Jacmel, en pr\u00e9sence de responsables, d\u2019employ\u00e9s et d\u2019invit\u00e9s. Dans son discours, le directeur\u2026","rel":"","context":"Dans &quot;Actualit\u00e9s&quot;","block_context":{"text":"Actualit\u00e9s","link":"https:\/\/sudestpost.com\/?cat=1"},"img":{"alt_text":"","src":"https:\/\/i0.wp.com\/sudestpost.com\/wp-content\/uploads\/2025\/11\/FB_IMG_1763747206482.jpg?fit=1200%2C900&ssl=1&resize=350%2C200","width":350,"height":200,"srcset":"https:\/\/i0.wp.com\/sudestpost.com\/wp-content\/uploads\/2025\/11\/FB_IMG_1763747206482.jpg?fit=1200%2C900&ssl=1&resize=350%2C200 1x, https:\/\/i0.wp.com\/sudestpost.com\/wp-content\/uploads\/2025\/11\/FB_IMG_1763747206482.jpg?fit=1200%2C900&ssl=1&resize=525%2C300 1.5x, https:\/\/i0.wp.com\/sudestpost.com\/wp-content\/uploads\/2025\/11\/FB_IMG_1763747206482.jpg?fit=1200%2C900&ssl=1&resize=700%2C400 2x, https:\/\/i0.wp.com\/sudestpost.com\/wp-content\/uploads\/2025\/11\/FB_IMG_1763747206482.jpg?fit=1200%2C900&ssl=1&resize=1050%2C600 3x"},"classes":[]},{"id":2002,"url":"https:\/\/sudestpost.com\/?p=2002","url_meta":{"origin":2756,"position":3},"title":"H\u00f4pital Saint-Michel : le ministre de la Sant\u00e9 op\u00e8re un changement de direction","author":"SudEstPost","date":"10 novembre 2025","format":false,"excerpt":"\u00c0 la suite d'une visite surprise effectu\u00e9e samedi dernier \u00e0 l\u2019h\u00f4pital Saint-Michel de Jacmel, le ministre de la Sant\u00e9 publique et de la Population (MSPP), Dr Sinal Bertrand, a constat\u00e9 plusieurs irr\u00e9gularit\u00e9s dans le fonctionnement de l\u2019\u00e9tablissement, notamment le non-respect des frais de services fix\u00e9s par le minist\u00e8re. Face \u00e0\u2026","rel":"","context":"Dans &quot;Sant\u00e9&quot;","block_context":{"text":"Sant\u00e9","link":"https:\/\/sudestpost.com\/?cat=29"},"img":{"alt_text":"","src":"https:\/\/i0.wp.com\/sudestpost.com\/wp-content\/uploads\/2025\/11\/FB_IMG_1762957831502.jpg?fit=960%2C640&ssl=1&resize=350%2C200","width":350,"height":200,"srcset":"https:\/\/i0.wp.com\/sudestpost.com\/wp-content\/uploads\/2025\/11\/FB_IMG_1762957831502.jpg?fit=960%2C640&ssl=1&resize=350%2C200 1x, https:\/\/i0.wp.com\/sudestpost.com\/wp-content\/uploads\/2025\/11\/FB_IMG_1762957831502.jpg?fit=960%2C640&ssl=1&resize=525%2C300 1.5x, https:\/\/i0.wp.com\/sudestpost.com\/wp-content\/uploads\/2025\/11\/FB_IMG_1762957831502.jpg?fit=960%2C640&ssl=1&resize=700%2C400 2x"},"classes":[]},{"id":2386,"url":"https:\/\/sudestpost.com\/?p=2386","url_meta":{"origin":2756,"position":4},"title":"Le gouvernement acc\u00e9l\u00e8re l\u2019examen du projet de d\u00e9cret \u00e9lectoral","author":"SudEstPost","date":"28 novembre 2025","format":false,"excerpt":"Port-au-Prince, 28 novembre 2025 \u2014 Le gouvernement ha\u00eftien entend donner un coup d\u2019acc\u00e9l\u00e9rateur au processus \u00e9lectoral. Dans un communiqu\u00e9 diffus\u00e9 vendredi, la Primature annonce que l\u2019Ex\u00e9cutif s'est r\u00e9uni en Conseil de gouvernement pour \u00ab acc\u00e9l\u00e9rer l\u2019examen du projet de d\u00e9cret \u00e9lectoral \u00bb, un texte jug\u00e9 essentiel pour la tenue des\u2026","rel":"","context":"Dans &quot;Politique&quot;","block_context":{"text":"Politique","link":"https:\/\/sudestpost.com\/?cat=7"},"img":{"alt_text":"","src":"https:\/\/i0.wp.com\/sudestpost.com\/wp-content\/uploads\/2025\/11\/FB_IMG_1764373381052.jpg?fit=1200%2C800&ssl=1&resize=350%2C200","width":350,"height":200,"srcset":"https:\/\/i0.wp.com\/sudestpost.com\/wp-content\/uploads\/2025\/11\/FB_IMG_1764373381052.jpg?fit=1200%2C800&ssl=1&resize=350%2C200 1x, https:\/\/i0.wp.com\/sudestpost.com\/wp-content\/uploads\/2025\/11\/FB_IMG_1764373381052.jpg?fit=1200%2C800&ssl=1&resize=525%2C300 1.5x, https:\/\/i0.wp.com\/sudestpost.com\/wp-content\/uploads\/2025\/11\/FB_IMG_1764373381052.jpg?fit=1200%2C800&ssl=1&resize=700%2C400 2x, https:\/\/i0.wp.com\/sudestpost.com\/wp-content\/uploads\/2025\/11\/FB_IMG_1764373381052.jpg?fit=1200%2C800&ssl=1&resize=1050%2C600 3x"},"classes":[]},{"id":2209,"url":"https:\/\/sudestpost.com\/?p=2209","url_meta":{"origin":2756,"position":5},"title":"Petit-Go\u00e2ve : la DIE ouvre son 69\u1d49 centre de r\u00e9ception et de livraison de documents de voyage","author":"Mich\u00e9 de Payen","date":"21 novembre 2025","format":false,"excerpt":"Le Centre de r\u00e9ception et de livraison de documents de voyage a officiellement ouvert ses portes \u00e0 Petit-Go\u00e2ve, portant \u00e0 69 le nombre de centres op\u00e9rationnels \u00e0 travers le pays. La c\u00e9r\u00e9monie d\u2019inauguration s\u2019est d\u00e9roul\u00e9e ce vendredi 21 novembre en pr\u00e9sence du directeur de la Direction de l\u2019immigration et de\u2026","rel":"","context":"Dans &quot;Actualit\u00e9s&quot;","block_context":{"text":"Actualit\u00e9s","link":"https:\/\/sudestpost.com\/?cat=1"},"img":{"alt_text":"","src":"https:\/\/i0.wp.com\/sudestpost.com\/wp-content\/uploads\/2025\/11\/FB_IMG_1763783901238.jpg?fit=853%2C568&ssl=1&resize=350%2C200","width":350,"height":200,"srcset":"https:\/\/i0.wp.com\/sudestpost.com\/wp-content\/uploads\/2025\/11\/FB_IMG_1763783901238.jpg?fit=853%2C568&ssl=1&resize=350%2C200 1x, https:\/\/i0.wp.com\/sudestpost.com\/wp-content\/uploads\/2025\/11\/FB_IMG_1763783901238.jpg?fit=853%2C568&ssl=1&resize=525%2C300 1.5x, https:\/\/i0.wp.com\/sudestpost.com\/wp-content\/uploads\/2025\/11\/FB_IMG_1763783901238.jpg?fit=853%2C568&ssl=1&resize=700%2C400 2x"},"classes":[]}],"jetpack_sharing_enabled":true,"_links":{"self":[{"href":"https:\/\/sudestpost.com\/index.php?rest_route=\/wp\/v2\/posts\/2756","targetHints":{"allow":["GET"]}}],"collection":[{"href":"https:\/\/sudestpost.com\/index.php?rest_route=\/wp\/v2\/posts"}],"about":[{"href":"https:\/\/sudestpost.com\/index.php?rest_route=\/wp\/v2\/types\/post"}],"author":[{"embeddable":true,"href":"https:\/\/sudestpost.com\/index.php?rest_route=\/wp\/v2\/users\/5"}],"replies":[{"embeddable":true,"href":"https:\/\/sudestpost.com\/index.php?rest_route=%2Fwp%2Fv2%2Fcomments&post=2756"}],"version-history":[{"count":5,"href":"https:\/\/sudestpost.com\/index.php?rest_route=\/wp\/v2\/posts\/2756\/revisions"}],"predecessor-version":[{"id":2765,"href":"https:\/\/sudestpost.com\/index.php?rest_route=\/wp\/v2\/posts\/2756\/revisions\/2765"}],"wp:featuredmedia":[{"embeddable":true,"href":"https:\/\/sudestpost.com\/index.php?rest_route=\/wp\/v2\/media\/2757"}],"wp:attachment":[{"href":"https:\/\/sudestpost.com\/index.php?rest_route=%2Fwp%2Fv2%2Fmedia&parent=2756"}],"wp:term":[{"taxonomy":"category","embeddable":true,"href":"https:\/\/sudestpost.com\/index.php?rest_route=%2Fwp%2Fv2%2Fcategories&post=2756"},{"taxonomy":"post_tag","embeddable":true,"href":"https:\/\/sudestpost.com\/index.php?rest_route=%2Fwp%2Fv2%2Ftags&post=2756"}],"curies":[{"name":"wp","href":"https:\/\/api.w.org\/{rel}","templated":true}]}}