{"id":2750,"date":"2026-08-14T21:56:00","date_gmt":"2026-08-14T21:56:00","guid":{"rendered":"https:\/\/sudestpost.com\/?p=2750"},"modified":"2026-08-14T21:57:35","modified_gmt":"2026-08-14T21:57:35","slug":"eloquentia-france-lequipe-dhaiti-sollicite-le-soutien-citoyen-pour-financer-la-mobilite-de-ses-deux-laureates","status":"publish","type":"post","link":"https:\/\/sudestpost.com\/?p=2750","title":{"rendered":"Eloquentia France: l\u2019\u00e9quipe d\u2019Ha\u00efti sollicite le soutien citoyen pour financer la mobilit\u00e9 de ses deux laur\u00e9ates"},"content":{"rendered":"\n<p class=\"wp-block-paragraph\"><strong>Cr\u00e9dit photo : Juno7<\/strong><\/p>\n\n\n\n<p class=\"wp-block-paragraph\"><strong>Attendues \u00e0 Paris du 24 au 30 ao\u00fbt prochain pour repr\u00e9senter Ha\u00efti \u00e0 Eloquentia France, Kimmie Jos\u00e9 et Lore Ha\u00efdare Thibaud se retrouvent coinc\u00e9es au pays faute de moyens financiers. Pour assurer l&#8217;aide \u00e0 la mobilit\u00e9 internationale des deux laur\u00e9ates de Eloquenttia Port-au-Prince et Jacmel, l\u2019\u00e9quipe d\u2019Ha\u00efti sollicite le soutien citoyen.<\/strong><\/p>\n\n\n\n<p class=\"wp-block-paragraph\">Apr\u00e8s le sacre historique d&#8217;Abiga\u00efl Alexandre, les deux jeunes oratrices porteront de nouveau la voix d&#8217;Ha\u00efti sur la sc\u00e8ne internationale. Les deux reines de l&#8217;\u00e9loquence doivent y disputer les quarts de finale et tenter de d\u00e9crocher une place pour les demi-finales de la comp\u00e9tition. Cependant, \u00e0 quelques jours seulement de leur envol pr\u00e9vu pour la capitale fran\u00e7aise, la d\u00e9l\u00e9gation fait face \u00e0 un immense d\u00e9fi financier.<\/p>\n\n\n\n<p class=\"wp-block-paragraph\">Les deux repr\u00e9sentantes ne disposent pas des ressources financi\u00e8res n\u00e9cessaires pour assurer leur d\u00e9placement international. Face \u00e0 cette situation, l\u2019\u00e9quipe d&#8217;Eloquentia Ha\u00efti lance un appel urgent au m\u00e9c\u00e9nat et \u00e0 la solidarit\u00e9. Objectif : r\u00e9unir 24 840 dollars am\u00e9ricains, soit environ 3 353 400 gourdes. Cette somme est destin\u00e9e au financement des titres de transport et \u00e0 la prise en charge de l\u2019h\u00e9bergement sur place de la d\u00e9l\u00e9gation pour son s\u00e9jour, pr\u00e9vu du 22 ao\u00fbt au 3 septembre.<\/p>\n\n\n\n<p class=\"wp-block-paragraph\">Pour faciliter les contributions, les donateurs peuvent effectuer un d\u00e9p\u00f4t en dollars sur le compte de la Golden Team Ha\u00efti \u00e0 la Sogebank (num\u00e9ro : 2116002912). Les organisateurs sont \u00e9galement joignables par t\u00e9l\u00e9phone aux 3171-4114 et 3842-2070 pour toute information compl\u00e9mentaire.<\/p>\n\n\n\n<p class=\"wp-block-paragraph\">Par ailleurs, une campagne de financement participatif sera prochainement lanc\u00e9e via un lien GoFundMe, qui sera accessible sur les plateformes num\u00e9riques de l\u2019organisation afin d\u2019\u00e9largir la collecte \u00e0 l&#8217;\u00e9chelle internationale.<\/p>\n","protected":false},"excerpt":{"rendered":"","protected":false},"author":5,"featured_media":2751,"comment_status":"open","ping_status":"open","sticky":false,"template":"","format":"standard","meta":{"_crdt_document":"","sb_editor_width":"","_kadence_starter_templates_imported_post":false,"jetpack_post_was_ever_published":false,"_jetpack_newsletter_access":"","_jetpack_dont_email_post_to_subs":false,"_jetpack_newsletter_tier_id":0,"_jetpack_memberships_contains_paywalled_content":false,"_jetpack_memberships_contains_paid_content":false,"footnotes":"","jetpack_publicize_message":"","jetpack_publicize_feature_enabled":true,"jetpack_social_post_already_shared":false,"jetpack_social_options":{"image_generator_settings":{"template":"highway","default_image_id":0,"font":"","enabled":false},"version":2}},"categories":[14],"tags":[515,511,512,77,514,513,509,510,171],"class_list":["post-2750","post","type-post","status-publish","format-standard","has-post-thumbnail","hentry","category-culture-et-loisirs","tag-citoyen","tag-dhaiti","tag-eloquentia","tag-france","tag-kimmie-jose","tag-lequipe","tag-lore-haidare-thibaud","tag-sollicite","tag-soutien"],"relative_dates":{"created":"3 semaines ago","modified":"3 semaines ago"},"jetpack_publicize_connections":[],"jetpack_featured_media_url":"https:\/\/i0.wp.com\/sudestpost.com\/wp-content\/uploads\/2026\/08\/eloquente-sudeestpost.jpg?fit=1280%2C720&ssl=1","jetpack-related-posts":[{"id":2224,"url":"https:\/\/sudestpost.com\/?p=2224","url_meta":{"origin":2750,"position":0},"title":"Jacmel : les laur\u00e9ats de la 9\u1d49 AF du Sud-Est honor\u00e9s par Albano Ha\u00efti Inc.","author":"Mich\u00e9 de Payen","date":"23 novembre 2025","format":false,"excerpt":"Albano Ha\u00efti Inc. a honor\u00e9 vendredi, les \u00e9l\u00e8ves laur\u00e9ats de la 9e AF, issus des dix communes du d\u00e9partement du Sud-Est. Cette initiative s\u2019inscrit dans le cadre du programme \u00ab Sud\u2019Est Excellence 2025 \u00bb, r\u00e9compensant leurs efforts et leur r\u00e9ussite. L'\u00e9v\u00e8nement, tenu \u00e0 l\u2019h\u00f4tel Cap Lamandou, \u00e0 Jacmel, a rassembl\u00e9\u2026","rel":"","context":"Dans &quot;Actualit\u00e9s&quot;","block_context":{"text":"Actualit\u00e9s","link":"https:\/\/sudestpost.com\/?cat=1"},"img":{"alt_text":"","src":"https:\/\/i0.wp.com\/sudestpost.com\/wp-content\/uploads\/2025\/11\/FB_IMG_1763874810673.jpg?fit=1200%2C900&ssl=1&resize=350%2C200","width":350,"height":200,"srcset":"https:\/\/i0.wp.com\/sudestpost.com\/wp-content\/uploads\/2025\/11\/FB_IMG_1763874810673.jpg?fit=1200%2C900&ssl=1&resize=350%2C200 1x, https:\/\/i0.wp.com\/sudestpost.com\/wp-content\/uploads\/2025\/11\/FB_IMG_1763874810673.jpg?fit=1200%2C900&ssl=1&resize=525%2C300 1.5x, https:\/\/i0.wp.com\/sudestpost.com\/wp-content\/uploads\/2025\/11\/FB_IMG_1763874810673.jpg?fit=1200%2C900&ssl=1&resize=700%2C400 2x, https:\/\/i0.wp.com\/sudestpost.com\/wp-content\/uploads\/2025\/11\/FB_IMG_1763874810673.jpg?fit=1200%2C900&ssl=1&resize=1050%2C600 3x"},"classes":[]},{"id":2356,"url":"https:\/\/sudestpost.com\/?p=2356","url_meta":{"origin":2750,"position":1},"title":"Classement CONCACAF: Ha\u00efti gagne deux places apr\u00e8s les qualifications","author":"SudEstPost","date":"26 novembre 2025","format":false,"excerpt":"Les r\u00e9cents matches de qualification pour le Mondial 2026 ont permis \u00e0 Ha\u00efti de progresser dans le classement de la CONCACAF, l\u2019instance qui r\u00e9git le football en Am\u00e9rique du Nord, en Am\u00e9rique centrale et dans les Cara\u00efbes. Pr\u00e8s d\u2019une semaine apr\u00e8s la fin des \u00e9liminatoires, la CONCACAF a publi\u00e9 le\u2026","rel":"","context":"Dans &quot;Sports&quot;","block_context":{"text":"Sports","link":"https:\/\/sudestpost.com\/?cat=8"},"img":{"alt_text":"","src":"https:\/\/i0.wp.com\/sudestpost.com\/wp-content\/uploads\/2025\/11\/image_4811.jpg?fit=1105%2C622&ssl=1&resize=350%2C200","width":350,"height":200,"srcset":"https:\/\/i0.wp.com\/sudestpost.com\/wp-content\/uploads\/2025\/11\/image_4811.jpg?fit=1105%2C622&ssl=1&resize=350%2C200 1x, https:\/\/i0.wp.com\/sudestpost.com\/wp-content\/uploads\/2025\/11\/image_4811.jpg?fit=1105%2C622&ssl=1&resize=525%2C300 1.5x, https:\/\/i0.wp.com\/sudestpost.com\/wp-content\/uploads\/2025\/11\/image_4811.jpg?fit=1105%2C622&ssl=1&resize=700%2C400 2x, https:\/\/i0.wp.com\/sudestpost.com\/wp-content\/uploads\/2025\/11\/image_4811.jpg?fit=1105%2C622&ssl=1&resize=1050%2C600 3x"},"classes":[]},{"id":2541,"url":"https:\/\/sudestpost.com\/?p=2541","url_meta":{"origin":2750,"position":2},"title":"Battre Ha\u00efti : objectif prioritaire des \u00c9cossais pour viser le second tour","author":"Mich\u00e9 de Payen","date":"7 d\u00e9cembre 2025","format":false,"excerpt":"La presse britannique, et \u00e9cossaise en particulier, a largement comment\u00e9 le tirage au sort de la Coupe du monde 2026, qui a plac\u00e9 l\u2019\u00c9cosse dans le groupe C aux c\u00f4t\u00e9s du Br\u00e9sil, du Maroc et de Ha\u00efti. L\u2019obsession des \u00c9cossais dans ce groupe reste le Maroc: ils souhaitent d\u2019abord battre\u2026","rel":"","context":"Dans &quot;Sports&quot;","block_context":{"text":"Sports","link":"https:\/\/sudestpost.com\/?cat=8"},"img":{"alt_text":"","src":"https:\/\/i0.wp.com\/sudestpost.com\/wp-content\/uploads\/2025\/12\/skysports-steve-clarke-scotland_7086721.jpg?fit=1200%2C675&ssl=1&resize=350%2C200","width":350,"height":200,"srcset":"https:\/\/i0.wp.com\/sudestpost.com\/wp-content\/uploads\/2025\/12\/skysports-steve-clarke-scotland_7086721.jpg?fit=1200%2C675&ssl=1&resize=350%2C200 1x, https:\/\/i0.wp.com\/sudestpost.com\/wp-content\/uploads\/2025\/12\/skysports-steve-clarke-scotland_7086721.jpg?fit=1200%2C675&ssl=1&resize=525%2C300 1.5x, https:\/\/i0.wp.com\/sudestpost.com\/wp-content\/uploads\/2025\/12\/skysports-steve-clarke-scotland_7086721.jpg?fit=1200%2C675&ssl=1&resize=700%2C400 2x, https:\/\/i0.wp.com\/sudestpost.com\/wp-content\/uploads\/2025\/12\/skysports-steve-clarke-scotland_7086721.jpg?fit=1200%2C675&ssl=1&resize=1050%2C600 3x"},"classes":[]},{"id":2772,"url":"https:\/\/sudestpost.com\/?p=2772","url_meta":{"origin":2750,"position":3},"title":"John Wesley Delva de retour au bercail apr\u00e8s une longue expatriation au Canada","author":"Mich\u00e9 de Payen","date":"18 ao\u00fbt 2026","format":false,"excerpt":"Le journaliste et po\u00e8te haitien John Wesley Delva s\u2019est retir\u00e9 du Canada apr\u00e8s avoir pass\u00e9 pr\u00e8s dix ans au pays de la feuille d\u2019\u00e9rable. Dans le cadre de son retour au pays natal, le natif de Petit-Go\u00e2ve entend parcourir l\u2019ensemble du territoire national afin d\u2019aller \u00e0 la rencontre de la\u2026","rel":"","context":"Dans &quot;Soci\u00e9t\u00e9&quot;","block_context":{"text":"Soci\u00e9t\u00e9","link":"https:\/\/sudestpost.com\/?cat=13"},"img":{"alt_text":"","src":"https:\/\/i0.wp.com\/sudestpost.com\/wp-content\/uploads\/2026\/08\/Jhon-wesley.jpg?fit=679%2C452&ssl=1&resize=350%2C200","width":350,"height":200,"srcset":"https:\/\/i0.wp.com\/sudestpost.com\/wp-content\/uploads\/2026\/08\/Jhon-wesley.jpg?fit=679%2C452&ssl=1&resize=350%2C200 1x, https:\/\/i0.wp.com\/sudestpost.com\/wp-content\/uploads\/2026\/08\/Jhon-wesley.jpg?fit=679%2C452&ssl=1&resize=525%2C300 1.5x"},"classes":[]},{"id":2591,"url":"https:\/\/sudestpost.com\/?p=2591","url_meta":{"origin":2750,"position":4},"title":"Port-au-Prince se pr\u00e9pare pour la 19e \u00e9dition du Festival Pap Jazz","author":"Mich\u00e9 de Payen","date":"12 d\u00e9cembre 2025","format":false,"excerpt":"Ce jeudi 11 d\u00e9cembre, a \u00e9t\u00e9 lanc\u00e9 officiellement le Festival Pap Jazz \u00e0 Port-au-Prince. C\u2019est la 19e \u00e9dition de cet \u00e9v\u00e9nement r\u00e9put\u00e9 qui c\u00e9l\u00e8brera et d\u00e9fendra le jazz en r\u00e9unissant, du 7 au 10 janvier, artistes ha\u00eftiens et internationaux autour d\u2019une programmation exigeante.Lors du lancement devant la presse \u00e0 l'h\u00f4tel\u2026","rel":"","context":"Dans &quot;Culture et loisirs&quot;","block_context":{"text":"Culture et loisirs","link":"https:\/\/sudestpost.com\/?cat=14"},"img":{"alt_text":"","src":"https:\/\/i0.wp.com\/sudestpost.com\/wp-content\/uploads\/2025\/12\/FB_IMG_1765538726784.jpg?fit=1200%2C800&ssl=1&resize=350%2C200","width":350,"height":200,"srcset":"https:\/\/i0.wp.com\/sudestpost.com\/wp-content\/uploads\/2025\/12\/FB_IMG_1765538726784.jpg?fit=1200%2C800&ssl=1&resize=350%2C200 1x, https:\/\/i0.wp.com\/sudestpost.com\/wp-content\/uploads\/2025\/12\/FB_IMG_1765538726784.jpg?fit=1200%2C800&ssl=1&resize=525%2C300 1.5x, https:\/\/i0.wp.com\/sudestpost.com\/wp-content\/uploads\/2025\/12\/FB_IMG_1765538726784.jpg?fit=1200%2C800&ssl=1&resize=700%2C400 2x, https:\/\/i0.wp.com\/sudestpost.com\/wp-content\/uploads\/2025\/12\/FB_IMG_1765538726784.jpg?fit=1200%2C800&ssl=1&resize=1050%2C600 3x"},"classes":[]},{"id":2476,"url":"https:\/\/sudestpost.com\/?p=2476","url_meta":{"origin":2750,"position":5},"title":"L\u2019Institut fran\u00e7ais c\u00e9l\u00e8bre 80 ans d\u2019existence \u00e0 Ha\u00efti","author":"Mich\u00e9 de Payen","date":"4 d\u00e9cembre 2025","format":false,"excerpt":"L\u2019ann\u00e9e 2025 marque les 80 ans de pr\u00e9sence de l\u2019Institut fran\u00e7ais \u00e0 Ha\u00efti. Pour c\u00e9l\u00e9brer ses noces d\u2019or avec le public ha\u00eftien, l\u2019Institut fran\u00e7ais consacre une semaine \u00e0 des manifestations sp\u00e9ciales pour marquer l\u2019\u00e9v\u00e9nement. L\u2019ambassade de France a c\u00e9l\u00e9br\u00e9, mercredi 3 d\u00e9cembre, les 80 ans de l\u2019Institut fran\u00e7ais d\u2019Ha\u00efti (IFH)\u2026","rel":"","context":"Dans &quot;Culture et loisirs&quot;","block_context":{"text":"Culture et loisirs","link":"https:\/\/sudestpost.com\/?cat=14"},"img":{"alt_text":"","src":"https:\/\/i0.wp.com\/sudestpost.com\/wp-content\/uploads\/2025\/12\/80ans-gato-ifh.jpg?fit=1200%2C800&ssl=1&resize=350%2C200","width":350,"height":200,"srcset":"https:\/\/i0.wp.com\/sudestpost.com\/wp-content\/uploads\/2025\/12\/80ans-gato-ifh.jpg?fit=1200%2C800&ssl=1&resize=350%2C200 1x, https:\/\/i0.wp.com\/sudestpost.com\/wp-content\/uploads\/2025\/12\/80ans-gato-ifh.jpg?fit=1200%2C800&ssl=1&resize=525%2C300 1.5x, https:\/\/i0.wp.com\/sudestpost.com\/wp-content\/uploads\/2025\/12\/80ans-gato-ifh.jpg?fit=1200%2C800&ssl=1&resize=700%2C400 2x, https:\/\/i0.wp.com\/sudestpost.com\/wp-content\/uploads\/2025\/12\/80ans-gato-ifh.jpg?fit=1200%2C800&ssl=1&resize=1050%2C600 3x"},"classes":[]}],"jetpack_sharing_enabled":true,"_links":{"self":[{"href":"https:\/\/sudestpost.com\/index.php?rest_route=\/wp\/v2\/posts\/2750","targetHints":{"allow":["GET"]}}],"collection":[{"href":"https:\/\/sudestpost.com\/index.php?rest_route=\/wp\/v2\/posts"}],"about":[{"href":"https:\/\/sudestpost.com\/index.php?rest_route=\/wp\/v2\/types\/post"}],"author":[{"embeddable":true,"href":"https:\/\/sudestpost.com\/index.php?rest_route=\/wp\/v2\/users\/5"}],"replies":[{"embeddable":true,"href":"https:\/\/sudestpost.com\/index.php?rest_route=%2Fwp%2Fv2%2Fcomments&post=2750"}],"version-history":[{"count":3,"href":"https:\/\/sudestpost.com\/index.php?rest_route=\/wp\/v2\/posts\/2750\/revisions"}],"predecessor-version":[{"id":2754,"href":"https:\/\/sudestpost.com\/index.php?rest_route=\/wp\/v2\/posts\/2750\/revisions\/2754"}],"wp:featuredmedia":[{"embeddable":true,"href":"https:\/\/sudestpost.com\/index.php?rest_route=\/wp\/v2\/media\/2751"}],"wp:attachment":[{"href":"https:\/\/sudestpost.com\/index.php?rest_route=%2Fwp%2Fv2%2Fmedia&parent=2750"}],"wp:term":[{"taxonomy":"category","embeddable":true,"href":"https:\/\/sudestpost.com\/index.php?rest_route=%2Fwp%2Fv2%2Fcategories&post=2750"},{"taxonomy":"post_tag","embeddable":true,"href":"https:\/\/sudestpost.com\/index.php?rest_route=%2Fwp%2Fv2%2Ftags&post=2750"}],"curies":[{"name":"wp","href":"https:\/\/api.w.org\/{rel}","templated":true}]}}